[{"@context":"https:\/\/schema.org\/","@type":"Article","@id":"https:\/\/www.maniola.cz\/zvolte-tu-pravou-podle-vasich-prani\/#Article","mainEntityOfPage":"https:\/\/www.maniola.cz\/zvolte-tu-pravou-podle-vasich-prani\/","headline":"Zvolte tu pravou podle Va\u0161ich p\u0159\u00e1n\u00ed","name":"Zvolte tu pravou podle Va\u0161ich p\u0159\u00e1n\u00ed","description":"Co \u010dlov\u011bk, to naprosto jin\u00fd vkus a podle toho tak\u00e9 vypad\u00e1 ka\u017ed\u00e9ho domov. D\u00edky n\u00e1m m\u016f\u017ee b\u00fdt va\u0161e sedac\u00ed souprava podle va\u0161ich p\u0159\u00e1n\u00ed. Na\u0161e nab\u00eddka je toti\u017e natolik pestr\u00e1, \u017ee si u n\u00e1s vybere opravdu ka\u017ed\u00fd. M\u00e1me r\u016fzn\u00e9 tvary, velikosti, barvy a materi\u00e1ly potahu. Je jen na v\u00e1s, zda chcete sedac\u00ed soupravu do U v [&hellip;]","datePublished":"2025-01-27","dateModified":"2025-01-27","author":{"@type":"Person","@id":"https:\/\/www.maniola.cz\/author\/#Person","name":"","url":"https:\/\/www.maniola.cz\/author\/","identifier":1,"image":{"@type":"ImageObject","@id":"https:\/\/secure.gravatar.com\/avatar\/087c2e57f451bc02fa8017914855d7c40cf6c7d5dc1637b868e007adc26322d1?s=96&d=mm&r=g","url":"https:\/\/secure.gravatar.com\/avatar\/087c2e57f451bc02fa8017914855d7c40cf6c7d5dc1637b868e007adc26322d1?s=96&d=mm&r=g","height":96,"width":96}},"publisher":{"@type":"Organization","name":"maniola.cz","logo":{"@type":"ImageObject","@id":"\/logo.png","url":"\/logo.png","width":600,"height":60}},"url":"https:\/\/www.maniola.cz\/zvolte-tu-pravou-podle-vasich-prani\/","wordCount":195,"articleBody":"Co \u010dlov\u011bk, to naprosto jin\u00fd vkus a podle toho tak\u00e9 vypad\u00e1 ka\u017ed\u00e9ho domov. D\u00edky n\u00e1m m\u016f\u017ee b\u00fdt va\u0161e sedac\u00ed souprava podle va\u0161ich p\u0159\u00e1n\u00ed. Na\u0161e nab\u00eddka je toti\u017e natolik pestr\u00e1, \u017ee si u n\u00e1s vybere opravdu ka\u017ed\u00fd. M\u00e1me r\u016fzn\u00e9 tvary, velikosti, barvy a materi\u00e1ly potahu. Je jen na v\u00e1s, zda chcete sedac\u00ed soupravu do U v b\u00edl\u00e9 k\u016f\u017ei \u010di do L s \u010daloun\u011bn\u00edm v barevn\u00e9 kombinaci. Pod\u00edvejte se na na\u0161i kompletn\u00ed nab\u00eddku a vyberte si i vy kvalitn\u00ed n\u00e1bytek za velmi p\u0159\u00edjemn\u00e9 ceny. Modern\u00ed a luxusn\u00ed na pohled Chcete, aby va\u0161\u00ed n\u00e1v\u0161t\u011bv\u011b \u010di p\u0159\u00e1tel\u016fm poklesla \u010delist, kdy\u017e uvid\u00ed va\u0161\u00ed luxusn\u00ed sedac\u00ed soupravu? Na\u0161e sedac\u00ed souprava je t\u00e9 nejvy\u0161\u0161\u00ed kvality a z velmi kvalitn\u00edch a p\u0159\u00edjemn\u00fdch materi\u00e1l\u016f na dotyk. Zkombinujte si barvy podle sv\u00fdch p\u0159\u00e1n\u00ed a m\u011bjte dokonale slad\u011bn\u00fd cel\u00fd ob\u00fdvac\u00ed pokoj. Vyt\u0159ete v\u0161em zrak luxusn\u00ed, elegantn\u00ed a pohodlnou sedac\u00ed soupravou. Tak na co je\u0161t\u011b \u010dek\u00e1te? Honem objedn\u00e1vat!                                                                                                                                                                                                                                                                                                                                                                                        4.7\/5 - (3 votes)        "},{"@context":"https:\/\/schema.org\/","@type":"BreadcrumbList","itemListElement":[{"@type":"ListItem","position":1,"name":"Zvolte tu pravou podle Va\u0161ich p\u0159\u00e1n\u00ed","item":"https:\/\/www.maniola.cz\/zvolte-tu-pravou-podle-vasich-prani\/#breadcrumbitem"}]}]