[{"@context":"https:\/\/schema.org\/","@type":"Article","@id":"https:\/\/www.maniola.cz\/vyuzijte-pronajem-vozu-z-prazskeho-letiste\/#Article","mainEntityOfPage":"https:\/\/www.maniola.cz\/vyuzijte-pronajem-vozu-z-prazskeho-letiste\/","headline":"Vyu\u017eijte pron\u00e1jem vozu z pra\u017esk\u00e9ho leti\u0161t\u011b","name":"Vyu\u017eijte pron\u00e1jem vozu z pra\u017esk\u00e9ho leti\u0161t\u011b","description":"N\u011bkter\u00e9 autop\u016fj\u010dovny v Praze pronaj\u00edmaj\u00ed sv\u00e1 vozidla i p\u0159\u00edmo na pra\u017esk\u00e9m leti\u0161ti v Ruzyni. V\u00fdhodn\u00e9 je to zejm\u00e9na v tom, \u017ee kdokoli zav\u00edt\u00e1 do Prahy letecky a projde a\u017e do odbavovac\u00ed haly, r\u00e1zem se ocit\u00e1 v prost\u0159ed\u00ed pom\u011brn\u011b vzd\u00e1len\u00e9m samotn\u00e9mu m\u011bstu, a m\u00e1-li z\u00e1jem pronajmout si v\u016fz, musel by kv\u016fli tomu nejprve v\u00e1\u017eit dlouhou cestu [&hellip;]","datePublished":"2023-12-11","dateModified":"2023-12-11","author":{"@type":"Person","@id":"https:\/\/www.maniola.cz\/author\/#Person","name":"","url":"https:\/\/www.maniola.cz\/author\/","identifier":1,"image":{"@type":"ImageObject","@id":"https:\/\/secure.gravatar.com\/avatar\/087c2e57f451bc02fa8017914855d7c40cf6c7d5dc1637b868e007adc26322d1?s=96&d=mm&r=g","url":"https:\/\/secure.gravatar.com\/avatar\/087c2e57f451bc02fa8017914855d7c40cf6c7d5dc1637b868e007adc26322d1?s=96&d=mm&r=g","height":96,"width":96}},"publisher":{"@type":"Organization","name":"maniola.cz","logo":{"@type":"ImageObject","@id":"\/logo.png","url":"\/logo.png","width":600,"height":60}},"image":{"@type":"ImageObject","@id":"https:\/\/www.maniola.cz\/wp-content\/uploads\/telc-1455130_640.jpg","url":"https:\/\/www.maniola.cz\/wp-content\/uploads\/telc-1455130_640.jpg","height":0,"width":0},"url":"https:\/\/www.maniola.cz\/vyuzijte-pronajem-vozu-z-prazskeho-letiste\/","about":["Byznys"],"wordCount":422,"articleBody":"   N\u011bkter\u00e9 autop\u016fj\u010dovny v Praze pronaj\u00edmaj\u00ed sv\u00e1 vozidla i p\u0159\u00edmo na pra\u017esk\u00e9m leti\u0161ti v Ruzyni. V\u00fdhodn\u00e9 je to zejm\u00e9na v tom, \u017ee kdokoli zav\u00edt\u00e1 do Prahy letecky a projde a\u017e do odbavovac\u00ed haly, r\u00e1zem se ocit\u00e1 v prost\u0159ed\u00ed pom\u011brn\u011b vzd\u00e1len\u00e9m samotn\u00e9mu m\u011bstu, a m\u00e1-li z\u00e1jem pronajmout si v\u016fz, musel by kv\u016fli tomu nejprve v\u00e1\u017eit dlouhou cestu autobusem m\u011bstsk\u00e9 dopravy \u2013 linkou \u010d. 119 do Dejvic a odtud se pak metrem \u010di tramvaj\u00ed p\u0159esouvat d\u00e1l, co\u017e zabere dal\u0161\u00ed p\u016fl hodinu a\u017e hodinu cesty.Jestli\u017ee nem\u00e1te v \u00famyslu zav\u00edtat p\u0159\u00edmo do pra\u017esk\u00e9ho centra nap\u0159\u00edklad kv\u016fli pam\u00e1tk\u00e1m \u010di n\u011bkter\u00fdm parkov\u00fdm z\u00f3n\u00e1m, a r\u00e1di byste podnikli v\u00fdlet mimo Prahu do jej\u00edho bl\u00edzk\u00e9ho \u010di vzd\u00e1len\u00e9ho okol\u00ed, vyu\u017eijte t\u00e9to p\u0159\u00edle\u017eitosti k pron\u00e1jmu vozidla p\u0159\u00edmo na leti\u0161ti. M\u016f\u017ee se to hodit nap\u0159\u00edklad tehdy, o\u010dek\u00e1v\u00e1te-li n\u00e1v\u0161t\u011bvu ze zahrani\u010d\u00ed, a chcete ji prov\u00e9st na\u0161\u00ed zem\u00ed a uk\u00e1zat ji m\u00edsta, kter\u00e1 pat\u0159\u00ed k nejzaj\u00edmav\u011bj\u0161\u00edm.Jizersk\u00e9 hory \u2013 mnoz\u00ed zahrani\u010dn\u00ed turist\u00e9, co m\u00ed\u0159\u00ed do na\u0161\u00ed zem\u011b, pro\u010d\u00edtaj\u00ed turistick\u00e9 pr\u016fvodce, a tam se objevuj\u00ed zpravidla nejzn\u00e1m\u011bj\u0161\u00ed pam\u011btihodnosti a p\u0159\u00edrodn\u00ed kr\u00e1sy, jako je \u010cesk\u00fd Krumlov, Hlubok\u00e1 nad Vltavou, \u010cerven\u00e1 Lhota, Karl\u0161tejn a tak\u00e9 Krkono\u0161e \u010di \u0160umava. Zkuste to tentokr\u00e1t pojmout jinak a nab\u00eddn\u011bte n\u00e1v\u0161t\u011bvn\u00edk\u016fm i jin\u00e9 lokality, kup\u0159\u00edkladu Jizersk\u00e9 hory. Mo\u017en\u00e1 budou p\u0159ekvapeni, jak p\u0159ekr\u00e1snou p\u0159\u00edrodu a \u010dlenit\u00fd ter\u00e9n tu naleznou. K nejzaj\u00edmav\u011bj\u0161\u00edm pat\u0159\u00ed p\u0159ehrada Desn\u00e1 Sou\u0161, osada Jizerka, P\u0159\u00edchovice a Paseky, Albrechtice v Jizersk\u00fdch hor\u00e1ch, Mari\u00e1nsk\u00e1 hora, Ji\u0159et\u00edn pod Bukovou, Maxov a Josef\u016fv D\u016fl. Vyplat\u00ed se nav\u0161t\u00edvit i rozhledny Kr\u00e1lovka, \u0160t\u011bp\u00e1nka, Bramberk a Tanvaldsk\u00fd \u0161pi\u010d\u00e1k a pokochat se i zaj\u00edmavou vyhl\u00eddkou na rozhran\u00ed Jizersk\u00fdch hor a Krkono\u0161 v Harrachov\u011b M\u00fdtin\u00e1ch nad golfov\u00fdm h\u0159i\u0161t\u011bm.A\u017e se budete vracet dom\u016f a p\u0159ed\u00e1vat v\u016fz autop\u016fj\u010dovn\u011b, mo\u017en\u00e1 se v\u00e1m ani nebude cht\u00edt odej\u00edt do sv\u00e9ho bytu a budete si p\u0159\u00e1t pro\u017e\u00edt co nejd\u0159\u00edve podobn\u00e9 dobrodru\u017estv\u00ed.                                                                                                                                                                                                                                                                                                                                                                                          4.3\/5 - (6 votes)        "},{"@context":"https:\/\/schema.org\/","@type":"BreadcrumbList","itemListElement":[{"@type":"ListItem","position":1,"name":"Vyu\u017eijte pron\u00e1jem vozu z pra\u017esk\u00e9ho leti\u0161t\u011b","item":"https:\/\/www.maniola.cz\/vyuzijte-pronajem-vozu-z-prazskeho-letiste\/#breadcrumbitem"}]}]