[{"@context":"https:\/\/schema.org\/","@type":"Article","@id":"https:\/\/www.maniola.cz\/pro-krasu\/#Article","mainEntityOfPage":"https:\/\/www.maniola.cz\/pro-krasu\/","headline":"Pro kr\u00e1su","name":"Pro kr\u00e1su","description":"Mysl\u00edm si, \u017ee opravdu ka\u017ed\u00e1 \u017eena chce vypadat skv\u011ble, tak taky cvi\u010d\u00ed anebo m\u00e1 zdravou stravu. Abych pravdu \u0159ekla, tak j\u00e1 jsem u\u017e mo\u017en\u00e1 z\u00e1visl\u00e1 na tom, \u017ee j\u00edm zdrav\u011b a tak\u00e9 pravideln\u011b cvi\u010d\u00edm. A chod\u00edm na aerobik a taky pravda je plavu, co\u017e udr\u017euje zase mu postavu a kondici opravdu s perfektn\u00edm stavu. Opravdu [&hellip;]","datePublished":"2023-02-10","dateModified":"2023-02-10","author":{"@type":"Person","@id":"https:\/\/www.maniola.cz\/author\/#Person","name":"","url":"https:\/\/www.maniola.cz\/author\/","identifier":1,"image":{"@type":"ImageObject","@id":"https:\/\/secure.gravatar.com\/avatar\/087c2e57f451bc02fa8017914855d7c40cf6c7d5dc1637b868e007adc26322d1?s=96&d=mm&r=g","url":"https:\/\/secure.gravatar.com\/avatar\/087c2e57f451bc02fa8017914855d7c40cf6c7d5dc1637b868e007adc26322d1?s=96&d=mm&r=g","height":96,"width":96}},"publisher":{"@type":"Organization","name":"maniola.cz","logo":{"@type":"ImageObject","@id":"\/logo.png","url":"\/logo.png","width":600,"height":60}},"image":{"@type":"ImageObject","@id":"https:\/\/www.maniola.cz\/wp-content\/uploads\/salad-2756467_960_720.jpg","url":"https:\/\/www.maniola.cz\/wp-content\/uploads\/salad-2756467_960_720.jpg","height":0,"width":0},"url":"https:\/\/www.maniola.cz\/pro-krasu\/","about":["V\u011bda"],"wordCount":407,"articleBody":"   Mysl\u00edm si, \u017ee opravdu ka\u017ed\u00e1 \u017eena chce vypadat skv\u011ble, tak taky cvi\u010d\u00ed anebo m\u00e1 zdravou stravu. Abych pravdu \u0159ekla, tak j\u00e1 jsem u\u017e mo\u017en\u00e1 z\u00e1visl\u00e1 na tom, \u017ee j\u00edm zdrav\u011b a tak\u00e9 pravideln\u011b cvi\u010d\u00edm. A chod\u00edm na aerobik a taky pravda je plavu, co\u017e udr\u017euje zase mu postavu a kondici opravdu s perfektn\u00edm stavu. Opravdu m\u011b taky velice t\u011b\u0161\u00ed, \u017ee m\u011b ka\u017ed\u00fd \u010dlov\u011bk tipuje v\u017edycky na men\u0161\u00ed v\u011bk, ne\u017e kolik mi doopravdy je. V\u017edycky mi ka\u017ed\u00fd tipuje tak o deset let m\u00e9n\u011b, co\u017e samoz\u0159ejm\u011b ka\u017edou \u017eenu pot\u011b\u0161\u00ed. Nebo v\u00e1s by opravdu nepot\u011b\u0161ilo, kdyby v\u00e1m n\u011bkdo \u0159ekl, \u017ee vypad\u00e1te o hodn\u011b let m\u00e9n\u011b, ne\u017e kolik v\u00e1m ve skute\u010dnosti je?Mysl\u00edm \u017ee, \u017ee nikdo by neprotestoval. Proto tak\u00e9 nav\u0161t\u011bvuji pravideln\u011b webovou str\u00e1nku orcacollagen.cz, kde se taky dozv\u00edm, jak t\u0159eba nap\u0159\u00edklad funguje kolagen. J\u00e1 moc r\u00e1da u\u017e\u00edv\u00e1m kolagen typu 2. A pokud nezn\u00e1te, jak funguje kolagen typu 2, tak se m\u016f\u017eete pod\u00edvat na ji\u017e zm\u00edn\u011bn\u00e9 webov\u00e9 str\u00e1nky, kde se v\u0161echno dozv\u00edte, \u017ee kolagenov\u00e9 p\u0159\u00edpravky se tady opravdu v \u010cesku vyskytuj\u00ed ve velk\u00e9m a jsou tady u\u017e od devades\u00e1t\u00fdch let. A zlat\u00e1 devades\u00e1t\u00e1 l\u00e9ta byly opravdu perfektn\u00ed. A dopl\u0148ky stravy s obsahem tohoto kvalitn\u00edho kolagenu se prod\u00e1vaj\u00ed nap\u0159\u00edklad v tablet\u00e1ch nebo tobolk\u00e1ch, ale v posledn\u00ed dob\u011b u\u017e se prod\u00e1vaj\u00ed tak\u00e9 v pr\u00e1\u0161ku, kter\u00fd si rozpust\u00edte ve vod\u011b anebo ve va\u0161em obl\u00edben\u00e9m nealkoholick\u00e9m pit\u00ed, kter\u00fd potom vypijete. Nyn\u00ed se u\u017e kolagen taky vyr\u00e1b\u00ed v r\u016fzn\u00fdch p\u0159\u00edchut\u00edch, tak\u017ee se nemus\u00edte b\u00e1t, \u017ee by pro v\u00e1s u\u017e\u00edv\u00e1n\u00ed kolagenu bylo opravdov\u00e9 utrpen\u00ed. A pokud i tak st\u00e1le v\u00e1h\u00e1te, jestli si po\u0159\u00eddit kolagen typu 2, tak u\u017e nev\u00e1hejte, proto\u017ee se sta\u010d\u00ed na internetu dozv\u011bd\u011bt, \u017ee pro v\u00e1s bude kolagen opravdu ide\u00e1ln\u00ed. D\u00edky kolagenu si taky pos\u00edl\u00edte kosti a svaly ataky \u0161lachy, a to by si p\u0159\u00e1l p\u0159eci ka\u017ed\u00fd. A kolagen typu 2 v\u00e1m taky poslou\u017e\u00ed, pokud m\u00e1te st\u00e1le k\u0159ehk\u00e9 a velmi l\u00e1mav\u00e9 nehty, kter\u00e9 si jist\u011b ka\u017ed\u00e1 \u017eena p\u011bstuje.                                                                                                                                                                                                                                                                                                                                                                                           5\/5 - (1 vote)        "},{"@context":"https:\/\/schema.org\/","@type":"BreadcrumbList","itemListElement":[{"@type":"ListItem","position":1,"name":"Pro kr\u00e1su","item":"https:\/\/www.maniola.cz\/pro-krasu\/#breadcrumbitem"}]}]