[{"@context":"https:\/\/schema.org\/","@type":"Article","@id":"https:\/\/www.maniola.cz\/muzi-a-chlapy\/#Article","mainEntityOfPage":"https:\/\/www.maniola.cz\/muzi-a-chlapy\/","headline":"Mu\u017ei a chlapy.","name":"Mu\u017ei a chlapy.","description":"V dne\u0161n\u00ed dob\u011b se barbershopy ji\u017e b\u011b\u017en\u011b vyskytuj\u00ed v ka\u017ed\u00e9m men\u0161\u00edm i v\u011bt\u0161\u00edm m\u011bst\u011b, je to ji\u017e takov\u00e1 rozb\u011bhl\u00e1 s\u00ed\u0165 slu\u017eeb, kter\u00e9 nab\u00edz\u00ed lidem. Jedn\u00e1 se hlavn\u011b o mu\u017ee, kte\u0159\u00ed si do t\u011bchto podnik\u016f chod\u00ed pro jejich slu\u017eby. D\u0159\u00edve se tyto slu\u017eby naz\u00fdvali holi\u010dsk\u00e9 slu\u017eby, a dnes je to barbershop, kter\u00fd je to stejn\u00fd. Jen [&hellip;]","datePublished":"2024-07-08","dateModified":"2024-07-08","author":{"@type":"Person","@id":"https:\/\/www.maniola.cz\/author\/#Person","name":"","url":"https:\/\/www.maniola.cz\/author\/","identifier":1,"image":{"@type":"ImageObject","@id":"https:\/\/secure.gravatar.com\/avatar\/087c2e57f451bc02fa8017914855d7c40cf6c7d5dc1637b868e007adc26322d1?s=96&d=mm&r=g","url":"https:\/\/secure.gravatar.com\/avatar\/087c2e57f451bc02fa8017914855d7c40cf6c7d5dc1637b868e007adc26322d1?s=96&d=mm&r=g","height":96,"width":96}},"publisher":{"@type":"Organization","name":"maniola.cz","logo":{"@type":"ImageObject","@id":"\/logo.png","url":"\/logo.png","width":600,"height":60}},"image":{"@type":"ImageObject","@id":"https:\/\/www.maniola.cz\/wp-content\/uploads\/electric-shaver-6797899_640.jpg","url":"https:\/\/www.maniola.cz\/wp-content\/uploads\/electric-shaver-6797899_640.jpg","height":0,"width":0},"url":"https:\/\/www.maniola.cz\/muzi-a-chlapy\/","about":["Byznys"],"wordCount":436,"articleBody":"   V dne\u0161n\u00ed dob\u011b se barbershopy ji\u017e b\u011b\u017en\u011b vyskytuj\u00ed v ka\u017ed\u00e9m men\u0161\u00edm i v\u011bt\u0161\u00edm m\u011bst\u011b, je to ji\u017e takov\u00e1 rozb\u011bhl\u00e1 s\u00ed\u0165 slu\u017eeb, kter\u00e9 nab\u00edz\u00ed lidem. Jedn\u00e1 se hlavn\u011b o mu\u017ee, kte\u0159\u00ed si do t\u011bchto podnik\u016f chod\u00ed pro jejich slu\u017eby. D\u0159\u00edve se tyto slu\u017eby naz\u00fdvali holi\u010dsk\u00e9 slu\u017eby, a dnes je to barbershop, kter\u00fd je to stejn\u00fd. Jen jinak nazvan\u00fd. Mu\u017ei mohou chodit do tohoto druhu holi\u010dstv\u00ed a nechat o sebe pe\u010dovat stejn\u011b, jako \u017eeny v kade\u0159nictv\u00ed, kosmetice a dal\u0161\u00edch slu\u017eb\u00e1ch. Na rozd\u00edl od \u017eensk\u00fdch slu\u017eeb, v\u011bt\u0161ina barbershop\u016f se orientuje na v\u00edce slu\u017eeb ne\u017e u \u017een. Nap\u0159\u00edklad v barbershopu Kladno Thecrownbarbershop se o v\u00e1s postaraj\u00ed s kompletn\u00ed p\u00e9\u010d\u00ed o vlasy i vousy. M\u00e1te to v jednom, a nemus\u00edte chodit jinam. Budou o v\u00e1s pe\u010dovat a vy si to m\u016f\u017eete u\u017e\u00edvat. M\u016f\u017eete se tu do\u010dkat st\u0159ih\u016f dlouh\u00fdch vlas\u016f, i st\u0159ih\u016f strojkem, d\u00e1le kompletn\u00ed \u00fapravu vous\u016f st\u0159ih a p\u00e9\u010de. Kdy\u017e odtud vylezete, bude z v\u00e1s \u00fapln\u011b nov\u00fd \u010dlov\u011bk. Kr\u00e1sn\u011b a elegantn\u011b upraven\u00fd. Pro koho, vlastn\u011b takov\u00e9 barbershopy jsou? Jak u\u017e jsme zm\u00ednili, jsou to hlavn\u011b p\u00e1nsk\u00e9 slu\u017eby, tak\u017ee \u017eeny, se tu nest\u0159\u00edhaj\u00ed. Pracuj\u00ed ti specializovan\u00ed barbe\u0159i, kte\u0159\u00ed v\u011bd\u00ed, co maj\u00ed d\u011blat. Mohou to b\u00fdt jak mu\u017ei, tak i \u017eeny, kte\u0159\u00ed se stali holi\u010di. Ov\u0161em v\u011bkov\u011b tu nejsou omezeni a ost\u0159\u00edhaj\u00ed i mlad\u00e9 chlapce, kte\u0159\u00ed cht\u011bj\u00ed vypadat stejn\u011b dob\u0159e jako jejich otcov\u00e9. Jsou tu tedy p\u0159izp\u016fsobeni i na juniorsk\u00e9 st\u0159ihy, kter\u00e9 ml\u00e1de\u017ei velmi slu\u0161\u00ed a jsou v\u00fdsledkem 21. stolet\u00ed. Chlapy a mu\u017ei zde maj\u00ed dve\u0159e otev\u0159en\u00e9 a je to pro n\u011b m\u00edsto kvalitn\u00edch slu\u017eeb. Pro\u010d tedy chlapce vodit do kade\u0159nictv\u00ed, kter\u00e9 je taky ost\u0159\u00edhaj\u00ed, proto\u017ee tam se v\u00fdhrady ned\u011blaj\u00ed, ale nemaj\u00ed takov\u00fd p\u0159ehled a specializace jako v dne\u0161n\u00edch holi\u010dsk\u00fdch podnic\u00edch. Dop\u0159ejte chlapc\u016fm taky takovou p\u00e9\u010di, kterou m\u016f\u017eete pro\u017e\u00edvat i vy. Budou r\u00e1di a holi\u010dstv\u00ed si obl\u00edb\u00ed a pak z toho m\u016f\u017eete ud\u011blat chlapskou z\u00e1le\u017eitost, kdy budete chodit se synem spole\u010dn\u011b a tak tr\u00e1vit chlapeck\u00e9 chv\u00edle ve dvou a v\u00edce \u010dlenech, podle toho, kolik chlap\u016f m\u00e1te v rodin\u011b. Spole\u010dn\u00e9 st\u0159\u00edh\u00e1n\u00ed chlap\u016f.                                                                                                                                                                                                                                                                                                                                                                                           2\/5 - (3 votes)        "},{"@context":"https:\/\/schema.org\/","@type":"BreadcrumbList","itemListElement":[{"@type":"ListItem","position":1,"name":"Mu\u017ei a chlapy.","item":"https:\/\/www.maniola.cz\/muzi-a-chlapy\/#breadcrumbitem"}]}]