[{"@context":"https:\/\/schema.org\/","@type":"Article","@id":"https:\/\/www.maniola.cz\/moderni-interierove-dvere\/#Article","mainEntityOfPage":"https:\/\/www.maniola.cz\/moderni-interierove-dvere\/","headline":"Modern\u00ed interi\u00e9rov\u00e9 dve\u0159e","name":"Modern\u00ed interi\u00e9rov\u00e9 dve\u0159e","description":"S v\u00fdb\u011brem interi\u00e9rov\u00fdch dve\u0159\u00ed v\u00e1m skv\u011ble pom\u016f\u017ee nab\u00eddka t\u011bchto nezbytn\u00fdch bytov\u00fdch dopl\u0148k\u016f v e-shopu, kter\u00fd se na jejich prodej zam\u011b\u0159uje. Nejen zam\u011b\u0159uje, ale nab\u00edz\u00ed skute\u010dn\u011b \u0161irok\u00fd sortiment zbo\u017e\u00ed, kde si tak svoje n\u00e1roky uspokoj\u00ed opravdu ka\u017ed\u00fd. Dve\u0159e r\u016fzn\u00fdch materi\u00e1l\u016f, r\u016fzn\u00e9 barevnosti i dekor\u016f, v kombinaci se sklem, jednok\u0159\u00eddl\u00e9 i dvouk\u0159\u00eddl\u00e9, klasick\u00e9 s ot\u00e1\u010den\u00edm v pantech [&hellip;]","datePublished":"2023-06-13","dateModified":"2024-06-17","author":{"@type":"Person","@id":"https:\/\/www.maniola.cz\/author\/#Person","name":"","url":"https:\/\/www.maniola.cz\/author\/","identifier":1,"image":{"@type":"ImageObject","@id":"https:\/\/secure.gravatar.com\/avatar\/087c2e57f451bc02fa8017914855d7c40cf6c7d5dc1637b868e007adc26322d1?s=96&d=mm&r=g","url":"https:\/\/secure.gravatar.com\/avatar\/087c2e57f451bc02fa8017914855d7c40cf6c7d5dc1637b868e007adc26322d1?s=96&d=mm&r=g","height":96,"width":96}},"publisher":{"@type":"Organization","name":"maniola.cz","logo":{"@type":"ImageObject","@id":"\/logo.png","url":"\/logo.png","width":600,"height":60}},"url":"https:\/\/www.maniola.cz\/moderni-interierove-dvere\/","wordCount":270,"articleBody":"S v\u00fdb\u011brem interi\u00e9rov\u00fdch dve\u0159\u00ed v\u00e1m skv\u011ble pom\u016f\u017ee nab\u00eddka t\u011bchto nezbytn\u00fdch bytov\u00fdch dopl\u0148k\u016f v e-shopu, kter\u00fd se na jejich prodej zam\u011b\u0159uje. Nejen zam\u011b\u0159uje, ale nab\u00edz\u00ed skute\u010dn\u011b \u0161irok\u00fd sortiment zbo\u017e\u00ed, kde si tak svoje n\u00e1roky uspokoj\u00ed opravdu ka\u017ed\u00fd. Dve\u0159e r\u016fzn\u00fdch materi\u00e1l\u016f, r\u016fzn\u00e9 barevnosti i dekor\u016f, v kombinaci se sklem, jednok\u0159\u00eddl\u00e9 i dvouk\u0159\u00eddl\u00e9, klasick\u00e9 s ot\u00e1\u010den\u00edm v pantech i posuvn\u00e9. Modern\u00ed proveden\u00ed, kter\u00e9 se hod\u00ed i do atraktivn\u00edho prost\u0159ed\u00ed a s n\u00edm\u017e budou spokojeni i ti nejn\u00e1ro\u010dn\u011bj\u0161\u00ed z\u00e1kazn\u00edci. Je skute\u010dn\u011b z \u010deho vyb\u00edrat a \u010d\u00edm si sv\u016fj domov z\u00fatulnit.Vysok\u00e1 kvalita, n\u00edzk\u00e9 cenyKvalita by m\u011bla b\u00fdt z\u00e1rukou dobr\u00e9 funk\u010dnosti i dlouh\u00e9 \u017eivotnosti toho, co si po\u0159\u00edd\u00edme. A tak vsadit na kvalitu je samoz\u0159ejm\u011b rozumn\u00e9. N\u011bkdy n\u00e1s od kvalitn\u011bj\u0161\u00edho zbo\u017e\u00ed odrazuj\u00ed p\u0159\u00edli\u0161 vysok\u00e9 ceny. Kdy\u017e je v\u0161ak kvalita nab\u00edzena v kombinaci s p\u0159ijatelnou cenou, tak nen\u00ed d\u016fvod k v\u00e1h\u00e1n\u00ed. A takov\u00e1 je i nab\u00eddka e-shopu, jen\u017e se specializuje na interi\u00e9rov\u00e9 dve\u0159e Praha a z\u00e1rubn\u011b. V nep\u0159ebern\u00e9m mno\u017estv\u00ed typ\u016f a proveden\u00ed v\u00e1m je tu nab\u00edz\u00ed spole\u010dnost MB Praha. Ta m\u00e1 s jejich v\u00fdrobou a prodejem dlouholet\u00e9 zku\u0161enosti. Ty se projevuj\u00ed jak ve filosofii prodeje a \u0161\u00ed\u0159i nab\u00eddky, tak i v profesion\u00e1ln\u00edm p\u0159\u00edstupu a poskytovan\u00fdch slu\u017eb\u00e1ch.                                                                                                                                                                                                                                                                                                                                                                                        3.8\/5 - (9 votes)        "},{"@context":"https:\/\/schema.org\/","@type":"BreadcrumbList","itemListElement":[{"@type":"ListItem","position":1,"name":"Modern\u00ed interi\u00e9rov\u00e9 dve\u0159e","item":"https:\/\/www.maniola.cz\/moderni-interierove-dvere\/#breadcrumbitem"}]}]