[{"@context":"https:\/\/schema.org\/","@type":"Article","@id":"https:\/\/www.maniola.cz\/letni-dovolena-s-rodinou\/#Article","mainEntityOfPage":"https:\/\/www.maniola.cz\/letni-dovolena-s-rodinou\/","headline":"Letn\u00ed dovolen\u00e1 s rodinou","name":"Letn\u00ed dovolen\u00e1 s rodinou","description":"L\u00e9to u\u017e se pomalu, ale rychle bl\u00ed\u017e\u00ed a ka\u017ed\u00fd, kdo chce vyrazit na dovolenou by si j\u00ed m\u011bl pomalu, ale jist\u011b rezervovat. A\u010dkoliv se to nezd\u00e1, tak dovolen\u00e1 u n\u00e1s je velice obl\u00edben\u00e1 a lidi preferuj\u00ed sp\u00ed\u0161e dovolenou v \u010cesk\u00e9 republice ne\u017e aby vyrazili k mo\u0159i. Nen\u00ed se v\u0161ak \u010demu divit, dovolen\u00e1 u mo\u0159e vyjde [&hellip;]","datePublished":"2023-04-17","dateModified":"2023-05-18","author":{"@type":"Person","@id":"https:\/\/www.maniola.cz\/author\/#Person","name":"","url":"https:\/\/www.maniola.cz\/author\/","identifier":1,"image":{"@type":"ImageObject","@id":"https:\/\/secure.gravatar.com\/avatar\/087c2e57f451bc02fa8017914855d7c40cf6c7d5dc1637b868e007adc26322d1?s=96&d=mm&r=g","url":"https:\/\/secure.gravatar.com\/avatar\/087c2e57f451bc02fa8017914855d7c40cf6c7d5dc1637b868e007adc26322d1?s=96&d=mm&r=g","height":96,"width":96}},"publisher":{"@type":"Organization","name":"maniola.cz","logo":{"@type":"ImageObject","@id":"\/logo.png","url":"\/logo.png","width":600,"height":60}},"image":{"@type":"ImageObject","@id":"https:\/\/www.maniola.cz\/wp-content\/uploads\/jeseniky-g394a180be_1920.jpg","url":"https:\/\/www.maniola.cz\/wp-content\/uploads\/jeseniky-g394a180be_1920.jpg","height":0,"width":0},"url":"https:\/\/www.maniola.cz\/letni-dovolena-s-rodinou\/","about":["Byznys"],"wordCount":410,"articleBody":"   L\u00e9to u\u017e se pomalu, ale rychle bl\u00ed\u017e\u00ed a ka\u017ed\u00fd, kdo chce vyrazit na dovolenou by si j\u00ed m\u011bl pomalu, ale jist\u011b rezervovat. A\u010dkoliv se to nezd\u00e1, tak dovolen\u00e1 u n\u00e1s je velice obl\u00edben\u00e1 a lidi preferuj\u00ed sp\u00ed\u0161e dovolenou v \u010cesk\u00e9 republice ne\u017e aby vyrazili k mo\u0159i. Nen\u00ed se v\u0161ak \u010demu divit, dovolen\u00e1 u mo\u0159e vyjde na neuv\u011b\u0159itelnou p\u00e1lku pen\u011bz a \u010dlov\u011bk se p\u0159itom ma\u010dk\u00e1 na pl\u00e1\u017ei s dal\u0161\u00edmi tis\u00edci lidmi. V p\u0159\u00edpad\u011b, \u017ee zvol\u00edte dovolenou u n\u00e1s, je \u010d\u00e1stka o mnohem men\u0161\u00ed a nav\u00edc si u\u017eijete i v\u011bt\u0161\u00ed z\u00e1bavu. Ubytov\u00e1n\u00ed Jesen\u00edky apartm\u00e1ny v\u00e1m zajist\u00ed komfort, kter\u00fd ur\u010dit\u011b ocen\u00edte a nav\u00edc se nebudete o ubytov\u00e1n\u00ed d\u011blit s dal\u0161\u00edmi lidmi.Rodinn\u00e1 dovolen\u00e1 v Jesen\u00edk\u00e1ch je ur\u010dena pro rodinu s d\u011btmi i pro partu p\u0159\u00e1tel a u\u017eij\u00ed si j\u00ed doslova v\u0161ichni. A\u010dkoliv se to nezd\u00e1, tak pr\u00e1v\u011b soukrom\u00ed a n\u00e1dhern\u00e1 p\u0159\u00edroda Jesen\u00edk\u016f v\u00e1s doslova pohlt\u00ed. P\u0159\u00edroda, kter\u00e1 se kolem apartm\u00e1nu rozkl\u00e1d\u00e1 p\u0159\u00edmo vyz\u00edv\u00e1 na cyklov\u00fdlety nebo na p\u011b\u0161\u00ed v\u00fdlety za pam\u00e1tkami. V p\u0159\u00edpad\u011b, \u017ee nechcete moc cestovat, ale sp\u00ed\u0161e relaxovat a na chvilku si oddychnout od pr\u00e1ce, tak m\u016f\u017eete jednodu\u0161e odpo\u010d\u00edvat na prostorn\u00e9 terase. Samoz\u0159ejmost\u00ed je, \u017ee zde najdete venkovn\u00ed posezen\u00ed s grilem, ohni\u0161t\u011b na ope\u010den\u00ed \u0161pek\u00e1\u010dk\u016f nebo zahradn\u00ed koutek pro d\u011bti. Na tomto koutku se vy\u0159\u00e1d\u00ed hlavn\u011b d\u011bti, a to proto, \u017ee jsou zde houpa\u010dky \u010di workoutov\u00e9 h\u0159i\u0161t\u011b. D\u00e1le zde najdete \u00faschovnu na kola a ly\u017ee a parkovac\u00ed m\u00edsto hned u apartm\u00e1n\u016f. Na internetov\u00fdch str\u00e1nk\u00e1ch ubytov\u00e1n\u00ed najdete fotografie apartm\u00e1n\u016f, ale i kompletn\u00edho okol\u00ed a m\u016f\u017eete si tak ud\u011blat obr\u00e1zek o tom, jak to v okol\u00ed vypad\u00e1. Samoz\u0159ejmost\u00ed je, \u017ee jsou apartm\u00e1ny pln\u011b vybaven\u00e9 a jsou ud\u011blan\u00e9 do modern\u00edho stylu. To ocen\u00ed p\u0159ev\u00e1\u017en\u011b n\u00e1ro\u010dn\u011bj\u0161\u00ed hosti, kte\u0159\u00ed jsou zvykl\u00fd na luxus. Pokud tedy hled\u00e1te vhodnou letn\u00ed dovolenou, tak zvolte pr\u00e1v\u011b Jesen\u00edky. \u010cerstv\u00fd vzduch, okoln\u00ed p\u0159\u00edroda a hory v\u00e1s ur\u010dit\u011b p\u0159ekvap\u00ed a budete r\u00e1di, \u017ee jste nejeli k mo\u0159i.                                                                                                                                                                                                                                                                                                                                                                                          4.1\/5 - (8 votes)        "},{"@context":"https:\/\/schema.org\/","@type":"BreadcrumbList","itemListElement":[{"@type":"ListItem","position":1,"name":"Letn\u00ed dovolen\u00e1 s rodinou","item":"https:\/\/www.maniola.cz\/letni-dovolena-s-rodinou\/#breadcrumbitem"}]}]