[{"@context":"https:\/\/schema.org\/","@type":"Article","@id":"https:\/\/www.maniola.cz\/kouzelnik-pro-deti\/#Article","mainEntityOfPage":"https:\/\/www.maniola.cz\/kouzelnik-pro-deti\/","headline":"Kouzeln\u00edk pro d\u011bti","name":"Kouzeln\u00edk pro d\u011bti","description":"Kouzeln\u00edk Nechte se un\u00e9st zp\u011bt do sv\u00e9ho d\u011btstv\u00ed a do taj\u016f kouzel, vezm\u011bte spolu i d\u011bti a uka\u017ete jim n\u011bco neuv\u011b\u0159iteln\u00e9ho. Sta\u010d\u00ed m\u011b kontaktovat, ji\u017e nyn\u00ed se t\u011b\u0161\u00edm na budouc\u00ed spolupr\u00e1ci s V\u00e1mi, V\u00e1\u0161 kouzeln\u00edk. Kouzeln\u00edk Va\u0161im d\u011btem nab\u00edz\u00edme d\u011btskou show a pro dosp\u011bl\u00e9 zas dosp\u011blou show, d\u00e1l V\u00e1m nab\u00edz\u00edm moderov\u00e1n\u00ed r\u016fzn\u00fdch spole\u010densk\u00fdch akc\u00ed. Nebojte [&hellip;]","datePublished":"2025-03-15","dateModified":"2025-03-15","author":{"@type":"Person","@id":"https:\/\/www.maniola.cz\/author\/#Person","name":"","url":"https:\/\/www.maniola.cz\/author\/","identifier":1,"image":{"@type":"ImageObject","@id":"https:\/\/secure.gravatar.com\/avatar\/087c2e57f451bc02fa8017914855d7c40cf6c7d5dc1637b868e007adc26322d1?s=96&d=mm&r=g","url":"https:\/\/secure.gravatar.com\/avatar\/087c2e57f451bc02fa8017914855d7c40cf6c7d5dc1637b868e007adc26322d1?s=96&d=mm&r=g","height":96,"width":96}},"publisher":{"@type":"Organization","name":"maniola.cz","logo":{"@type":"ImageObject","@id":"\/logo.png","url":"\/logo.png","width":600,"height":60}},"url":"https:\/\/www.maniola.cz\/kouzelnik-pro-deti\/","wordCount":203,"articleBody":" Kouzeln\u00edk Nechte se un\u00e9st zp\u011bt do sv\u00e9ho d\u011btstv\u00ed a do taj\u016f kouzel, vezm\u011bte spolu i d\u011bti a uka\u017ete jim n\u011bco neuv\u011b\u0159iteln\u00e9ho. Sta\u010d\u00ed m\u011b kontaktovat, ji\u017e nyn\u00ed se t\u011b\u0161\u00edm na budouc\u00ed spolupr\u00e1ci s V\u00e1mi, V\u00e1\u0161 kouzeln\u00edk. Kouzeln\u00edk Va\u0161im d\u011btem nab\u00edz\u00edme d\u011btskou show a pro dosp\u011bl\u00e9 zas dosp\u011blou show, d\u00e1l V\u00e1m nab\u00edz\u00edm moderov\u00e1n\u00ed r\u016fzn\u00fdch spole\u010densk\u00fdch akc\u00ed. Nebojte se v mluven\u00e9m projevu jako kouzeln\u00edk, m\u00e1m dlouholetou praxi a jsem schopn\u00fd vhodn\u011b improvizovat a s\u00e1m se p\u0159iprav\u00edm podle Va\u0161ich t\u00e9mat. J\u00e1 A kdo vlastn\u011b jsem? Jsem Kouzeln\u00edk Martin a zab\u00fdv\u00e1m se kouzlen\u00edm ji\u017e od sv\u00fdch dvan\u00e1cti let, kdy jsem za\u010dal jako ka\u017ed\u00e9 mal\u00e9 d\u00edt\u011b s kouzeln\u00fdm kuf\u0159\u00edkem. Pot\u00e9 jsem vy\u0161el kouzelnick\u00fd kurz veden\u00fd panem Netopilem. Nyn\u00ed jsem hrd\u00fdm \u010dlenem pra\u017esk\u00e9ho klubu KIM club Praha. Jsem velice \u0161\u0165astn\u00fd, \u017ee se m\u016f\u017eu v\u011bnovat kouzl\u016fm a z\u00e1rove\u0148 i moderov\u00e1n\u00ed a p\u0159ed\u00e1vat d\u00e1l, co jsem se nau\u010dil.                                                                                                                                                                                                                                                                                                                                                                                                "},{"@context":"https:\/\/schema.org\/","@type":"BreadcrumbList","itemListElement":[{"@type":"ListItem","position":1,"name":"Kouzeln\u00edk pro d\u011bti","item":"https:\/\/www.maniola.cz\/kouzelnik-pro-deti\/#breadcrumbitem"}]}]