[{"@context":"https:\/\/schema.org\/","@type":"Article","@id":"https:\/\/www.maniola.cz\/kdyz-nabizite-byt-k-pronajmu\/#Article","mainEntityOfPage":"https:\/\/www.maniola.cz\/kdyz-nabizite-byt-k-pronajmu\/","headline":"Kdy\u017e nab\u00edz\u00edte byt k pron\u00e1jmu","name":"Kdy\u017e nab\u00edz\u00edte byt k pron\u00e1jmu","description":"M\u00e1te byt, kter\u00fd byste r\u00e1di nab\u00edzeli k pron\u00e1jmu? Tak mo\u017en\u00e1 byste m\u011bli v\u011bd\u011bt, \u017ee lid\u00e9, kte\u0159\u00ed si r\u00e1di pronaj\u00edmaj\u00ed byty, velmi \u010dasto preferuj\u00ed \u010d\u00e1ste\u010dn\u00e9 vybaven\u00ed. T\u0159eba pra\u010dka a ledni\u010dka je v\u00edtan\u00fd bonus. Necht\u011bj\u00ed toti\u017e do pronajat\u00e9ho bytu tahat mno\u017estv\u00ed n\u00e1bytku a ocen\u00ed, kdy\u017e \u00falo\u017en\u00e9 prostory nab\u00eddne pronaj\u00edmatel. Vestav\u011bn\u00e9 sk\u0159\u00edn\u011b Praha p\u0159in\u00e1\u0161ej\u00ed ide\u00e1ln\u00ed \u0159e\u0161en\u00ed, d\u00edky n\u011bmu\u017e [&hellip;]","datePublished":"2025-02-26","dateModified":"2025-02-26","author":{"@type":"Person","@id":"https:\/\/www.maniola.cz\/author\/#Person","name":"","url":"https:\/\/www.maniola.cz\/author\/","identifier":1,"image":{"@type":"ImageObject","@id":"https:\/\/secure.gravatar.com\/avatar\/087c2e57f451bc02fa8017914855d7c40cf6c7d5dc1637b868e007adc26322d1?s=96&d=mm&r=g","url":"https:\/\/secure.gravatar.com\/avatar\/087c2e57f451bc02fa8017914855d7c40cf6c7d5dc1637b868e007adc26322d1?s=96&d=mm&r=g","height":96,"width":96}},"publisher":{"@type":"Organization","name":"maniola.cz","logo":{"@type":"ImageObject","@id":"\/logo.png","url":"\/logo.png","width":600,"height":60}},"url":"https:\/\/www.maniola.cz\/kdyz-nabizite-byt-k-pronajmu\/","wordCount":159,"articleBody":"M\u00e1te byt, kter\u00fd byste r\u00e1di nab\u00edzeli k pron\u00e1jmu? Tak mo\u017en\u00e1 byste m\u011bli v\u011bd\u011bt, \u017ee lid\u00e9, kte\u0159\u00ed si r\u00e1di pronaj\u00edmaj\u00ed byty, velmi \u010dasto preferuj\u00ed \u010d\u00e1ste\u010dn\u00e9 vybaven\u00ed. T\u0159eba pra\u010dka a ledni\u010dka je v\u00edtan\u00fd bonus. Necht\u011bj\u00ed toti\u017e do pronajat\u00e9ho bytu tahat mno\u017estv\u00ed n\u00e1bytku a ocen\u00ed, kdy\u017e \u00falo\u017en\u00e9 prostory nab\u00eddne pronaj\u00edmatel. Vestav\u011bn\u00e9 sk\u0159\u00edn\u011b Praha p\u0159in\u00e1\u0161ej\u00ed ide\u00e1ln\u00ed \u0159e\u0161en\u00ed, d\u00edky n\u011bmu\u017e cena Va\u0161eho bytu nezanedbateln\u011b stoupne. Kdy\u017e nab\u00edz\u00edte kvalitn\u00ed slu\u017eby A v\u00e1\u0161 n\u00e1jemce bude spokojen, \u017ee ve Va\u0161em byt\u011b na\u0161el p\u0159\u00edjemn\u00fd nadstandard, za kter\u00fd ochotn\u011b zaplat\u00ed. Ano, byt samoz\u0159ejm\u011b pronaj\u00edm\u00e1te nikoli pro sv\u016fj dobr\u00fd pocit, ale pro pen\u00edze, ale rozhodn\u011b to p\u0159\u00edjemn\u011b zah\u0159eje u srdce, kdy\u017e nab\u00edz\u00edte kvalitn\u00ed slu\u017eby, s nimi\u017e jsou ostatn\u00ed velmi spokojeni.                                                                                                                                                                                                                                                                                                                                                                                        1\/5 - (1 vote)        "},{"@context":"https:\/\/schema.org\/","@type":"BreadcrumbList","itemListElement":[{"@type":"ListItem","position":1,"name":"Kdy\u017e nab\u00edz\u00edte byt k pron\u00e1jmu","item":"https:\/\/www.maniola.cz\/kdyz-nabizite-byt-k-pronajmu\/#breadcrumbitem"}]}]